{"id":22478,"date":"2023-08-09T11:07:35","date_gmt":"2023-08-09T11:07:35","guid":{"rendered":"https:\/\/drpreema.com\/?p=22478"},"modified":"2023-09-18T11:57:12","modified_gmt":"2023-09-18T11:57:12","slug":"que-es-la-celulitis","status":"publish","type":"post","link":"https:\/\/drpreema.com\/es\/que-es-la-celulitis\/","title":{"rendered":"\u00bfQu\u00e9 es la celulitis?"},"content":{"rendered":"[et_pb_section fb_built=\u201d1\u2033 _builder_version=\u201d4.5.6\u2033 global_colors_info=\u201d{}\u201d][et_pb_row _builder_version=\u201d4.5.6\u2033 _module_preset=\u201ddefault\u201d global_colors_info=\u201d{}\u201d][et_pb_column type=\u201d4_4\u2033 _builder_version=\u201d4.5.6\u2033 _module_preset=\u201ddefault\u201d global_colors_info=\u201d{}\u201d][et_pb_image src=\u201dhttps:\/\/drpreema.com\/wp-content\/uploads\/2022\/02\/EmTone-72-dpi.jpg\u201d title_text=\u201dEmTone 72 dpi\u201d _builder_version=\u201d4.14.2\u2033 _module_preset=\u201ddefault\u201d Informaci\u00f3n global de colores = &quot;{}&quot;][\/et_pb_image][\/et_pb_column][\/et_pb_row][et_pb_row _builder_version = &quot;4.14.2&quot; _module_preset = &quot;predeterminado&quot; Informaci\u00f3n global de colores = &quot;{}&quot;][et_pb_column type = &quot;4_4&quot; _builder_version = &quot;4.14.2&quot; _module_preset = &quot;predeterminado&quot; Informaci\u00f3n global de colores = &quot;{}&quot;][et_pb_text _builder_version = &quot;4.14.2&quot; _module_preset = &quot;predeterminado&quot; Fuente de encabezado = &quot;Plata||||||||&quot; Informaci\u00f3n global de colores = &quot;{}&quot;]<h1 style=\"text-align: center;\">\u00bfQu\u00e9 es la celulitis?<\/h1>\n<p>&nbsp;<\/p>\n<p>A menudo comparada con la piel de naranja, la celulitis se debe al aumento de c\u00e9lulas grasas que presionan contra la piel, creando una superficie exterior con hoyuelos. La celulitis es inofensiva y muy com\u00fan. <span>Pero puede afectar seriamente la calidad de vida de las personas. La celulitis afecta principalmente los gl\u00fateos, los muslos, el abdomen y las caderas.<\/span><\/p>[\/et_pb_text][\/et_pb_column][\/et_pb_row][et_pb_row estructura_columna=\u201d1_2,1_2\u2033 _builder_version=\u201d4.14.2\u2033 _module_preset=\u201dpredeterminado\u201d informaci\u00f3n_global_colors=\u201d{}\u201d][et_pb_column tipo=\u201d1_2\u2033 _builder_version=\u201d4.14.2\u2033 _module_preset=\u201dpredeterminado\u201d informaci\u00f3n_global_colors=\u201d{}\u201d][et_pb_text _builder_version=\u201d4.14.2\u2033 _module_preset=\u201dpredeterminado\u201d fuente_encabezado_2=\u201dPlata||||||||\u201d informaci\u00f3n_global_colors=\u201d{}\u201d]<h2>\u00bfQu\u00e9 causa la celulitis?<\/h2>\n<p>La celulitis es causada por la acumulaci\u00f3n de grasa debajo de la piel y afecta a personas de todo tipo de cuerpo y peso, aunque algunas mujeres est\u00e1n m\u00e1s predispuestas a la celulitis que otras.\u00a0<\/p>\n<p>&nbsp;<\/p>\n<h3>Existen 5 causas principales de la celulitis:<\/h3>\n<ul>\n<li>C\u00e1maras de grasa agrandadas<\/li>\n<li>Fibras de col\u00e1geno da\u00f1adas dentro de la piel.<\/li>\n<li>P\u00e9rdida de tono y elasticidad de la piel.<\/li>\n<li>Mala circulaci\u00f3n sangu\u00ednea<\/li>\n<li>Acumulaci\u00f3n de desechos metab\u00f3licos<\/li>\n<\/ul>[\/et_pb_text][et_pb_text _builder_version=\u201d4.14.2\u2033 _module_preset=\u201ddefault\u201d header_2_font=\u201dPrata||||||||\u201d global_colors_info=\u201d{}\u201d]<h2>\u00bfLos hombres pueden tener celulitis?<\/h2>\n<p>S\u00ed, los hombres pueden tener celulitis, aunque es menos com\u00fan que en las mujeres ya que la distribuci\u00f3n de la grasa en los hombres es menos visible.<\/p>\n<p>&nbsp;<\/p>[\/et_pb_text][\/et_pb_column][et_pb_column tipo=\u201d1_2\u2033 _builder_version=\u201d4.14.2\u2033 _module_preset=\u201dpredeterminado\u201d informaci\u00f3n_global_colors=\u201d{}\u201d][et_pb_text _builder_version=\u201d4.14.2\u2033 _module_preset=\u201dpredeterminado\u201d fuente_encabezado_2=\u201dPlata||||||||\u201d relleno_personalizado=\u201d||0px|||\u201d informaci\u00f3n_global_colors=\u201d{}\u201d]<h2>\u00bfC\u00f3mo reducir la celulitis?<\/h2>\n<p>La apariencia de la celulitis se puede reducir con una combinaci\u00f3n de dieta y ejercicio acompa\u00f1ados de tratamientos adecuados y cl\u00ednicamente probados.<\/p>\n<p><strong>Dieta:<\/strong> Coma muchas verduras frescas, incluya alimentos ricos en fibra y grasas saludables. Evite o reduzca el consumo de sal y az\u00facar, as\u00ed como de harinas y cereales refinados.<\/p>\n<p>La deshidrataci\u00f3n tambi\u00e9n puede ser causa de celulitis, por lo que es importante mantenerse hidratado.<\/p>\n<p><strong>Ejercicio:<\/strong> El ejercicio regular tiene muchos beneficios conocidos; intenta realizarlo entre 20 y 40 minutos diarios. El entrenamiento por intervalos es particularmente efectivo, ya que ayuda a tonificar los m\u00fasculos.<\/p>\n<p><strong>Tratos:<\/strong> Tratamientos cl\u00ednicamente probados como BTL EmTone\u2122 (con ondas de choque y radiofrecuencia) y T-Shape 2 (con drenaje linf\u00e1tico y radiofrecuencia) para reducir la apariencia de la celulitis y reafirmar la piel. T-Shape 2 puede usarse para obtener resultados a corto plazo (si no ha planeado con suficiente antelaci\u00f3n sus vacaciones en la playa la pr\u00f3xima semana), o puede tomar ambos como parte de un tratamiento para obtener resultados m\u00e1s duraderos.<\/p>\n<p>Ambos tratamientos est\u00e1n disponibles en la Cl\u00ednica Dra. Preema de Londres y est\u00e1n dise\u00f1ados para apoyar un estilo de vida saludable y lograr resultados.<\/p>[\/et_pb_text][\/et_pb_column][\/et_pb_row][et_pb_row _builder_version=\u201d4.14.2\u2033 _module_preset=\u201dpredeterminado\u201d global_colors_info=\u201d{}\u201d][et_pb_column type=\u201d4_4\u2033 _builder_version=\u201d4.14.2\u2033 _module_preset=\u201dpredeterminado\u201d global_colors_info=\u201d{}\u201d][et_pb_text _builder_version=\u201d4.14.2\u2033 _module_preset=\u201dpredeterminado\u201d header_3_font=\u201dPlata||||||||\u201d global_colors_info=\u201d{}\u201d]<h3 style=\"text-align: center;\">Tratamientos para la celulitis disponibles en la Cl\u00ednica Dra. Preema de Londres<\/h3>[\/et_pb_text][\/et_pb_column][\/et_pb_row][et_pb_row estructura_columna=\u201d1_2,1_2\u2033 _builder_version=\u201d4.14.2\u2033 _module_preset=\u201dpredeterminado\u201d informaci\u00f3n_global_colors=\u201d{}\u201d][et_pb_column tipo=\u201d1_2\u2033 _builder_version=\u201d4.14.2\u2033 _module_preset=\u201dpredeterminado\u201d informaci\u00f3n_global_colors=\u201d{}\u201d][et_pb_text _builder_version=\u201d4.14.2\u2033 _module_preset=\u201dpredeterminado\u201d encabezado_3_fuente=\u201dPlata||||||||\u201d informaci\u00f3n_global_colors=\u201d{}\u201d]<h3>BTL EmTone\u2122<\/h3>\n<p>BTL EmTone\u2122 es un m\u00e9todo seguro y eficaz que trata simult\u00e1neamente las cinco causas de la celulitis mediante ondas de choque y radiofrecuencia cl\u00ednicamente probadas.<\/p>\n<p>&nbsp;<\/p>[\/et_pb_text][et_pb_button URL del bot\u00f3n=\u201d@ET-DC@eyJkeW5hbWljIjp0cnVlLCJjb250ZW50IjoicG9zdF9saW5rX3VybF9wYWdlIiwic2V0dGluZ3MiOnsicG9zdF9pZCI6IjE5MTAifX0=@\u201d Texto del bot\u00f3n=\u201dVisitar p\u00e1gina\u201d Alineaci\u00f3n del bot\u00f3n=\u201dizquierda\u201d _versi\u00f3n del generador=\u201d4.14.2\u2033 _atributos din\u00e1micos=\u201dURL del bot\u00f3n\u201d Bot\u00f3n personalizado=\u201dactivado\u201d Tama\u00f1o del texto del bot\u00f3n=\u201d12px\u201d Color del texto del bot\u00f3n=\u201d#ffffff\u201d Color del fondo del bot\u00f3n=\u201d#000000\u2033 Ancho del borde del bot\u00f3n=\u201d0px\u201d radio_del_borde_del_bot\u00f3n=\u201d0px\u201d espaciado_entre_letras_del_bot\u00f3n=\u201d3px\u201d fuente_del_bot\u00f3n=\u201dOpenSans|700||on|||||\u201d Relleno personalizado = 20 px | 30 px | 20 px | 30 px | verdadero | verdadero. Bloqueado = desactivado. Informaci\u00f3n global de colores = {}. Color del texto del bot\u00f3n (hover habilitado) = activado | Escritorio. Color del texto del bot\u00f3n (hover habilitado) = #ffffff. Color del fondo del bot\u00f3n (hover habilitado) = activado | Escritorio. Color del fondo del bot\u00f3n (hover habilitado) = rgba(0,0,0,0.76). Relleno personalizado (hover habilitado) = activado. Relleno personalizado (hover habilitado) = 40 px | falso. Color de habilitar el fondo del bot\u00f3n (hover habilitado) = activado. ][\/et_pb_button][\/et_pb_column][et_pb_column tipo = 1_2\u2033 _versi\u00f3n del generador = 4.14.2\u2033 _module_preset=\u201dpredeterminado\u201d global_colors_info=\u201d{}\u201d][et_pb_image src=\u201dhttps:\/\/drpreema.com\/wp-content\/uploads\/2021\/01\/before-after-btl-cellulite-1024\u00d7466-2.jpg\u201d title_text=\u201dbefore-after-btl-cellulite-1024\u00d7466-2\u2033 _builder_version=\u201d4.14.2\u2033 _module_preset=\u201dpredeterminado\u201d global_colors_info=\u201d{}\u201d][\/et_pb_image][\/et_pb_column][\/et_pb_row][et_pb_row _builder_version=\u201d4.14.2\u2033 _module_preset=\u201dpredeterminado\u201d global_colors_info=\u201d{}\u201d][et_pb_column tipo=\u201d4_4\u2033 _builder_version=\u201d4.14.2\u2033 _module_preset=\u201dpredeterminado\u201d informaci\u00f3n_global_colors=\u201d{}\u201d][et_pb_divider color=\u201d#666666\u2033 _builder_version=\u201d4.5.6\u2033 ancho=\u201d40%\u201d ancho_tablet=\u201d\u201d ancho_phone=\u201d60%\u201d ancho_last_edited=\u201don|phone\u201d alineaci\u00f3n_m\u00f3dulo=\u201dcentrado\u201d bloqueado=\u201ddesactivado\u201d informaci\u00f3n_global_colors=\u201d{}\u201d][\/et_pb_divider][\/et_pb_column][\/et_pb_row][et_pb_row _builder_version=\u201d4.14.2\u2033 _module_preset=\u201dpredeterminado\u201d informaci\u00f3n_global_colors=\u201d{}\u201d][et_pb_column tipo=\u201d4_4\u2033 _builder_version=\u201d4.14.2\u2033 _module_preset=\u201dpredeterminado\u201d global_colors_info=\u201d{}\u201d][et_pb_text _builder_version=\u201d4.14.2\u2033 _module_preset=\u201dpredeterminado\u201d header_3_font=\u201dPlata||||||||\u201d global_colors_info=\u201d{}\u201d]<h3>Forma de T 2<\/h3>\n<p>T-Shape 2 combina drenaje linf\u00e1tico y radiofrecuencia para promover un aumento de los dep\u00f3sitos de col\u00e1geno y el metabolismo celular, reduciendo la apariencia de la celulitis y tensando la piel.\u00a0<\/p>[\/et_pb_text][et_pb_button URL del bot\u00f3n=\u201d@ET-DC@eyJkeW5hbWljIjp0cnVlLCJjb250ZW50IjoicG9zdF9saW5rX3VybF9wYWdlIiwic2V0dGluZ3MiOnsicG9zdF9pZCI6IjExMTY0In19@\u201d Texto del bot\u00f3n=\u201dVisitar p\u00e1gina\u201d Alineaci\u00f3n del bot\u00f3n=\u201dizquierda\u201d _versi\u00f3n del generador=\u201d4.14.2\u2033 _atributos din\u00e1micos=\u201dURL del bot\u00f3n\u201d Bot\u00f3n personalizado=\u201dactivado\u201d Tama\u00f1o del texto del bot\u00f3n=\u201d12px\u201d Color del texto del bot\u00f3n=\u201d#ffffff\u201d Color del fondo del bot\u00f3n=\u201d#000000\u2033 Ancho del borde del bot\u00f3n=\u201d0px\u201d radio_del_borde_del_bot\u00f3n=\u201d0px\u201d espaciado_entre_letras_del_bot\u00f3n=\u201d3px\u201d fuente_del_bot\u00f3n=\u201dOpenSans|700||on|||||\u201d margen_personalizado=\u201d40px||||falso|falso\u201d margen_personalizado_tableta=\u201d40px||||falso|falso\u201d margen_personalizado_tel\u00e9fono=\u201d0px||||falso|falso\u201d margen_personalizado_\u00faltima_edici\u00f3n=\u201dactivado|tel\u00e9fono\u201d relleno_personalizado=\u201d20px|30px|20px|30px|verdadero|verdadero\u201d bloqueado=\u201ddesactivado\u201d informaci\u00f3n_colores_globales=\u201d{}\u201d color_texto_bot\u00f3n__hover_enabled=\u201dactivado|escritorio\u201d color_texto_bot\u00f3n__hover=\u201d#ffffff\u201d color_fondo_bot\u00f3n__hover_enabled=\u201dactivado|escritorio\u201d color_fondo_bot\u00f3n__hover=\u201drgba(0,0,0,0.76)\u201d relleno_personalizado__hover_enabled=\u201dactivado\u201d relleno_personalizado__hover=\u201d|40px|||falso\u201d bot\u00f3n_bg_habilitar_color__hover=\u201dactivado\u201d][\/et_pb_bot\u00f3n][\/et_pb_columna][\/et_pb_fila][\/et_pb_secci\u00f3n]","protected":false},"excerpt":{"rendered":"<p>\u00bfQu\u00e9 es la celulitis? A menudo comparada con la piel de naranja, la celulitis se debe al aumento de c\u00e9lulas grasas que presionan contra la piel, creando una superficie con hoyuelos. La celulitis es inofensiva y muy com\u00fan, pero puede afectar gravemente la calidad de vida. Afecta principalmente a gl\u00fateos, muslos, abdomen y caderas. \u00bfQu\u00e9 causa [\u2026]<\/p>","protected":false},"author":5,"featured_media":8663,"comment_status":"open","ping_status":"closed","sticky":false,"template":"","format":"standard","meta":{"_seopress_robots_primary_cat":"none","_seopress_titles_title":"What is cellulite? How is it caused and how can it be reduced?","_seopress_titles_desc":"What is cellulite? How is it caused and how can it be reduced?","_seopress_robots_index":"","_et_pb_use_builder":"on","_et_pb_old_content":"","_et_gb_content_width":"2880","_monsterinsights_skip_tracking":false,"_monsterinsights_sitenote_active":false,"_monsterinsights_sitenote_note":"","_monsterinsights_sitenote_category":0,"_jetpack_memberships_contains_paid_content":false,"footnotes":""},"categories":[3],"tags":[],"class_list":{"0":"post-22478","1":"post","2":"type-post","3":"status-publish","4":"format-standard","5":"has-post-thumbnail","7":"category-blog"},"jetpack_featured_media_url":"https:\/\/i0.wp.com\/drpreema.com\/wp-content\/uploads\/2022\/02\/EmTone-72-dpi.jpg?fit=1000%2C666&ssl=1&wsr","jetpack_sharing_enabled":true,"_links":{"self":[{"href":"https:\/\/drpreema.com\/es\/wp-json\/wp\/v2\/posts\/22478","targetHints":{"allow":["GET"]}}],"collection":[{"href":"https:\/\/drpreema.com\/es\/wp-json\/wp\/v2\/posts"}],"about":[{"href":"https:\/\/drpreema.com\/es\/wp-json\/wp\/v2\/types\/post"}],"author":[{"embeddable":true,"href":"https:\/\/drpreema.com\/es\/wp-json\/wp\/v2\/users\/5"}],"replies":[{"embeddable":true,"href":"https:\/\/drpreema.com\/es\/wp-json\/wp\/v2\/comments?post=22478"}],"version-history":[{"count":26,"href":"https:\/\/drpreema.com\/es\/wp-json\/wp\/v2\/posts\/22478\/revisions"}],"predecessor-version":[{"id":22576,"href":"https:\/\/drpreema.com\/es\/wp-json\/wp\/v2\/posts\/22478\/revisions\/22576"}],"wp:featuredmedia":[{"embeddable":true,"href":"https:\/\/drpreema.com\/es\/wp-json\/wp\/v2\/media\/8663"}],"wp:attachment":[{"href":"https:\/\/drpreema.com\/es\/wp-json\/wp\/v2\/media?parent=22478"}],"wp:term":[{"taxonomy":"category","embeddable":true,"href":"https:\/\/drpreema.com\/es\/wp-json\/wp\/v2\/categories?post=22478"},{"taxonomy":"post_tag","embeddable":true,"href":"https:\/\/drpreema.com\/es\/wp-json\/wp\/v2\/tags?post=22478"}],"curies":[{"name":"wp","href":"https:\/\/api.w.org\/{rel}","templated":true}]}}